{"id":86600,"date":"2026-01-21T09:27:23","date_gmt":"2026-01-21T08:27:23","guid":{"rendered":"https:\/\/www.valleedazergues.com\/?p=86600"},"modified":"2026-01-21T09:27:24","modified_gmt":"2026-01-21T08:27:24","slug":"80-ans-des-autocars-de-la-vallee-dazergues","status":"publish","type":"post","link":"https:\/\/www.valleedazergues.com\/en\/2026\/01\/21\/80-ans-des-autocars-de-la-vallee-dazergues\/","title":{"rendered":"80 ans des Autocars de la Vall\u00e9e d&#8217;Azergues"},"content":{"rendered":"\n<p>Ce samedi 17 janvier 2026, nous avons f\u00eat\u00e9 les 80 ans des Autocars de la Vall\u00e9e d&#8217;Azergues. Environ 500 personnes ont r\u00e9pondu pr\u00e9sents \u00e0 notre invitation et nous les en remercions. Cela a \u00e9t\u00e9 l&#8217;occasion de pr\u00e9senter un historique de la soci\u00e9t\u00e9 depuis 1946, d&#8217;honorer Philippe Millet (DGD) par un troph\u00e9e pour ses 45 ann\u00e9es de carri\u00e8re dans l&#8217;entreprise, de pr\u00e9senter nos voyages pr\u00e9vus pour 2026 et de terminer par un buffet gourmand.<\/p>\n\n\n\n<p><\/p>\n","protected":false},"excerpt":{"rendered":"<p>Ce samedi 17 janvier 2026, nous avons f\u00eat\u00e9 les 80 ans des Autocars de la Vall\u00e9e d&#8217;Azergues. Environ 500 personnes ont r\u00e9pondu pr\u00e9sents \u00e0 notre invitation et nous les en remercions. Cela a \u00e9t\u00e9 l&#8217;occasion de pr\u00e9senter un historique de la soci\u00e9t\u00e9 depuis 1946, d&#8217;honorer Philippe Millet (DGD) par un troph\u00e9e pour ses 45 ann\u00e9es [&hellip;]<\/p>\n","protected":false},"author":2,"featured_media":86601,"comment_status":"closed","ping_status":"closed","sticky":false,"template":"","format":"standard","meta":{"advgb_blocks_editor_width":"","advgb_blocks_columns_visual_guide":"","footnotes":""},"categories":[1],"tags":[],"class_list":["post-86600","post","type-post","status-publish","format-standard","has-post-thumbnail","hentry","category-non-classifiee"],"yoast_head":"<!-- This site is optimized with the Yoast SEO plugin v27.5 - https:\/\/yoast.com\/product\/yoast-seo-wordpress\/ -->\n<title>80 ans des Autocars de la Vall\u00e9e d&#039;Azergues - Autocars de la Vall\u00e9e d&#039;Azergues<\/title>\n<meta name=\"robots\" content=\"index, follow, max-snippet:-1, max-image-preview:large, max-video-preview:-1\" \/>\n<link rel=\"canonical\" href=\"https:\/\/www.valleedazergues.com\/en\/2026\/01\/21\/80-ans-des-autocars-de-la-vallee-dazergues\/\" \/>\n<meta property=\"og:locale\" content=\"en_GB\" \/>\n<meta property=\"og:type\" content=\"article\" \/>\n<meta property=\"og:title\" content=\"80 ans des Autocars de la Vall\u00e9e d&#039;Azergues - Autocars de la Vall\u00e9e d&#039;Azergues\" \/>\n<meta property=\"og:description\" content=\"Ce samedi 17 janvier 2026, nous avons f\u00eat\u00e9 les 80 ans des Autocars de la Vall\u00e9e d&#8217;Azergues. Environ 500 personnes ont r\u00e9pondu pr\u00e9sents \u00e0 notre invitation et nous les en remercions. Cela a \u00e9t\u00e9 l&#8217;occasion de pr\u00e9senter un historique de la soci\u00e9t\u00e9 depuis 1946, d&#8217;honorer Philippe Millet (DGD) par un troph\u00e9e pour ses 45 ann\u00e9es [&hellip;]\" \/>\n<meta property=\"og:url\" content=\"https:\/\/www.valleedazergues.com\/en\/2026\/01\/21\/80-ans-des-autocars-de-la-vallee-dazergues\/\" \/>\n<meta property=\"og:site_name\" content=\"Autocars de la Vall\u00e9e d&#039;Azergues\" \/>\n<meta property=\"article:publisher\" content=\"https:\/\/www.facebook.com\/autocarsvalleedazergues\/\" \/>\n<meta property=\"article:published_time\" content=\"2026-01-21T08:27:23+00:00\" \/>\n<meta property=\"article:modified_time\" content=\"2026-01-21T08:27:24+00:00\" \/>\n<meta property=\"og:image\" content=\"https:\/\/www.valleedazergues.com\/wp-content\/uploads\/2026\/01\/20260117_115256-scaled.jpg\" \/>\n\t<meta property=\"og:image:width\" content=\"1920\" \/>\n\t<meta property=\"og:image:height\" content=\"2560\" \/>\n\t<meta property=\"og:image:type\" content=\"image\/jpeg\" \/>\n<meta name=\"author\" content=\"autocarsVDA\" \/>\n<meta name=\"twitter:card\" content=\"summary_large_image\" \/>\n<meta name=\"twitter:label1\" content=\"Written by\" \/>\n\t<meta name=\"twitter:data1\" content=\"autocarsVDA\" \/>\n\t<meta name=\"twitter:label2\" content=\"Estimated reading time\" \/>\n\t<meta name=\"twitter:data2\" content=\"1 minute\" \/>\n<script type=\"application\/ld+json\" class=\"yoast-schema-graph\">{\"@context\":\"https:\\\/\\\/schema.org\",\"@graph\":[{\"@type\":\"Article\",\"@id\":\"https:\\\/\\\/www.valleedazergues.com\\\/en\\\/2026\\\/01\\\/21\\\/80-ans-des-autocars-de-la-vallee-dazergues\\\/#article\",\"isPartOf\":{\"@id\":\"https:\\\/\\\/www.valleedazergues.com\\\/en\\\/2026\\\/01\\\/21\\\/80-ans-des-autocars-de-la-vallee-dazergues\\\/\"},\"author\":{\"name\":\"autocarsVDA\",\"@id\":\"https:\\\/\\\/www.valleedazergues.com\\\/en\\\/#\\\/schema\\\/person\\\/6e6147a66000c78a9303b8b969482a43\"},\"headline\":\"80 ans des Autocars de la Vall\u00e9e d&#8217;Azergues\",\"datePublished\":\"2026-01-21T08:27:23+00:00\",\"dateModified\":\"2026-01-21T08:27:24+00:00\",\"mainEntityOfPage\":{\"@id\":\"https:\\\/\\\/www.valleedazergues.com\\\/en\\\/2026\\\/01\\\/21\\\/80-ans-des-autocars-de-la-vallee-dazergues\\\/\"},\"wordCount\":84,\"publisher\":{\"@id\":\"https:\\\/\\\/www.valleedazergues.com\\\/en\\\/#organization\"},\"image\":{\"@id\":\"https:\\\/\\\/www.valleedazergues.com\\\/en\\\/2026\\\/01\\\/21\\\/80-ans-des-autocars-de-la-vallee-dazergues\\\/#primaryimage\"},\"thumbnailUrl\":\"https:\\\/\\\/www.valleedazergues.com\\\/wp-content\\\/uploads\\\/2026\\\/01\\\/20260117_115256-scaled.jpg\",\"articleSection\":[\"Non classifi\u00e9(e)\"],\"inLanguage\":\"en-GB\"},{\"@type\":\"WebPage\",\"@id\":\"https:\\\/\\\/www.valleedazergues.com\\\/en\\\/2026\\\/01\\\/21\\\/80-ans-des-autocars-de-la-vallee-dazergues\\\/\",\"url\":\"https:\\\/\\\/www.valleedazergues.com\\\/en\\\/2026\\\/01\\\/21\\\/80-ans-des-autocars-de-la-vallee-dazergues\\\/\",\"name\":\"80 ans des Autocars de la Vall\u00e9e d'Azergues - Autocars de la Vall\u00e9e d&#039;Azergues\",\"isPartOf\":{\"@id\":\"https:\\\/\\\/www.valleedazergues.com\\\/en\\\/#website\"},\"primaryImageOfPage\":{\"@id\":\"https:\\\/\\\/www.valleedazergues.com\\\/en\\\/2026\\\/01\\\/21\\\/80-ans-des-autocars-de-la-vallee-dazergues\\\/#primaryimage\"},\"image\":{\"@id\":\"https:\\\/\\\/www.valleedazergues.com\\\/en\\\/2026\\\/01\\\/21\\\/80-ans-des-autocars-de-la-vallee-dazergues\\\/#primaryimage\"},\"thumbnailUrl\":\"https:\\\/\\\/www.valleedazergues.com\\\/wp-content\\\/uploads\\\/2026\\\/01\\\/20260117_115256-scaled.jpg\",\"datePublished\":\"2026-01-21T08:27:23+00:00\",\"dateModified\":\"2026-01-21T08:27:24+00:00\",\"breadcrumb\":{\"@id\":\"https:\\\/\\\/www.valleedazergues.com\\\/en\\\/2026\\\/01\\\/21\\\/80-ans-des-autocars-de-la-vallee-dazergues\\\/#breadcrumb\"},\"inLanguage\":\"en-GB\",\"potentialAction\":[{\"@type\":\"ReadAction\",\"target\":[\"https:\\\/\\\/www.valleedazergues.com\\\/en\\\/2026\\\/01\\\/21\\\/80-ans-des-autocars-de-la-vallee-dazergues\\\/\"]}]},{\"@type\":\"ImageObject\",\"inLanguage\":\"en-GB\",\"@id\":\"https:\\\/\\\/www.valleedazergues.com\\\/en\\\/2026\\\/01\\\/21\\\/80-ans-des-autocars-de-la-vallee-dazergues\\\/#primaryimage\",\"url\":\"https:\\\/\\\/www.valleedazergues.com\\\/wp-content\\\/uploads\\\/2026\\\/01\\\/20260117_115256-scaled.jpg\",\"contentUrl\":\"https:\\\/\\\/www.valleedazergues.com\\\/wp-content\\\/uploads\\\/2026\\\/01\\\/20260117_115256-scaled.jpg\",\"width\":1920,\"height\":2560},{\"@type\":\"BreadcrumbList\",\"@id\":\"https:\\\/\\\/www.valleedazergues.com\\\/en\\\/2026\\\/01\\\/21\\\/80-ans-des-autocars-de-la-vallee-dazergues\\\/#breadcrumb\",\"itemListElement\":[{\"@type\":\"ListItem\",\"position\":1,\"name\":\"Accueil\",\"item\":\"https:\\\/\\\/www.valleedazergues.com\\\/en\\\/\"},{\"@type\":\"ListItem\",\"position\":2,\"name\":\"80 ans des Autocars de la Vall\u00e9e d&rsquo;Azergues\"}]},{\"@type\":\"WebSite\",\"@id\":\"https:\\\/\\\/www.valleedazergues.com\\\/en\\\/#website\",\"url\":\"https:\\\/\\\/www.valleedazergues.com\\\/en\\\/\",\"name\":\"Autocars de la Vall\u00e9e d'Azergues\",\"description\":\"\",\"publisher\":{\"@id\":\"https:\\\/\\\/www.valleedazergues.com\\\/en\\\/#organization\"},\"potentialAction\":[{\"@type\":\"SearchAction\",\"target\":{\"@type\":\"EntryPoint\",\"urlTemplate\":\"https:\\\/\\\/www.valleedazergues.com\\\/en\\\/?s={search_term_string}\"},\"query-input\":{\"@type\":\"PropertyValueSpecification\",\"valueRequired\":true,\"valueName\":\"search_term_string\"}}],\"inLanguage\":\"en-GB\"},{\"@type\":\"Organization\",\"@id\":\"https:\\\/\\\/www.valleedazergues.com\\\/en\\\/#organization\",\"name\":\"Autocars Vall\u00e9e d'Azergues\",\"url\":\"https:\\\/\\\/www.valleedazergues.com\\\/en\\\/\",\"logo\":{\"@type\":\"ImageObject\",\"inLanguage\":\"en-GB\",\"@id\":\"https:\\\/\\\/www.valleedazergues.com\\\/en\\\/#\\\/schema\\\/logo\\\/image\\\/\",\"url\":\"https:\\\/\\\/www.valleedazergues.com\\\/wp-content\\\/uploads\\\/2021\\\/08\\\/partage-site.jpg\",\"contentUrl\":\"https:\\\/\\\/www.valleedazergues.com\\\/wp-content\\\/uploads\\\/2021\\\/08\\\/partage-site.jpg\",\"width\":560,\"height\":292,\"caption\":\"Autocars Vall\u00e9e d'Azergues\"},\"image\":{\"@id\":\"https:\\\/\\\/www.valleedazergues.com\\\/en\\\/#\\\/schema\\\/logo\\\/image\\\/\"},\"sameAs\":[\"https:\\\/\\\/www.facebook.com\\\/autocarsvalleedazergues\\\/\"]},{\"@type\":\"Person\",\"@id\":\"https:\\\/\\\/www.valleedazergues.com\\\/en\\\/#\\\/schema\\\/person\\\/6e6147a66000c78a9303b8b969482a43\",\"name\":\"autocarsVDA\",\"image\":{\"@type\":\"ImageObject\",\"inLanguage\":\"en-GB\",\"@id\":\"https:\\\/\\\/secure.gravatar.com\\\/avatar\\\/9e9edbaba3282b46c5559f1287ea5f8381696ac8ad1029697fcb08993de23e31?s=96&d=mm&r=g\",\"url\":\"https:\\\/\\\/secure.gravatar.com\\\/avatar\\\/9e9edbaba3282b46c5559f1287ea5f8381696ac8ad1029697fcb08993de23e31?s=96&d=mm&r=g\",\"contentUrl\":\"https:\\\/\\\/secure.gravatar.com\\\/avatar\\\/9e9edbaba3282b46c5559f1287ea5f8381696ac8ad1029697fcb08993de23e31?s=96&d=mm&r=g\",\"caption\":\"autocarsVDA\"}}]}<\/script>\n<!-- \/ Yoast SEO plugin. -->","yoast_head_json":{"title":"80 ans des Autocars de la Vall\u00e9e d'Azergues - Autocars de la Vall\u00e9e d&#039;Azergues","robots":{"index":"index","follow":"follow","max-snippet":"max-snippet:-1","max-image-preview":"max-image-preview:large","max-video-preview":"max-video-preview:-1"},"canonical":"https:\/\/www.valleedazergues.com\/en\/2026\/01\/21\/80-ans-des-autocars-de-la-vallee-dazergues\/","og_locale":"en_GB","og_type":"article","og_title":"80 ans des Autocars de la Vall\u00e9e d'Azergues - Autocars de la Vall\u00e9e d&#039;Azergues","og_description":"Ce samedi 17 janvier 2026, nous avons f\u00eat\u00e9 les 80 ans des Autocars de la Vall\u00e9e d&#8217;Azergues. Environ 500 personnes ont r\u00e9pondu pr\u00e9sents \u00e0 notre invitation et nous les en remercions. Cela a \u00e9t\u00e9 l&#8217;occasion de pr\u00e9senter un historique de la soci\u00e9t\u00e9 depuis 1946, d&#8217;honorer Philippe Millet (DGD) par un troph\u00e9e pour ses 45 ann\u00e9es [&hellip;]","og_url":"https:\/\/www.valleedazergues.com\/en\/2026\/01\/21\/80-ans-des-autocars-de-la-vallee-dazergues\/","og_site_name":"Autocars de la Vall\u00e9e d&#039;Azergues","article_publisher":"https:\/\/www.facebook.com\/autocarsvalleedazergues\/","article_published_time":"2026-01-21T08:27:23+00:00","article_modified_time":"2026-01-21T08:27:24+00:00","og_image":[{"width":1920,"height":2560,"url":"https:\/\/www.valleedazergues.com\/wp-content\/uploads\/2026\/01\/20260117_115256-scaled.jpg","type":"image\/jpeg"}],"author":"autocarsVDA","twitter_card":"summary_large_image","twitter_misc":{"Written by":"autocarsVDA","Estimated reading time":"1 minute"},"schema":{"@context":"https:\/\/schema.org","@graph":[{"@type":"Article","@id":"https:\/\/www.valleedazergues.com\/en\/2026\/01\/21\/80-ans-des-autocars-de-la-vallee-dazergues\/#article","isPartOf":{"@id":"https:\/\/www.valleedazergues.com\/en\/2026\/01\/21\/80-ans-des-autocars-de-la-vallee-dazergues\/"},"author":{"name":"autocarsVDA","@id":"https:\/\/www.valleedazergues.com\/en\/#\/schema\/person\/6e6147a66000c78a9303b8b969482a43"},"headline":"80 ans des Autocars de la Vall\u00e9e d&#8217;Azergues","datePublished":"2026-01-21T08:27:23+00:00","dateModified":"2026-01-21T08:27:24+00:00","mainEntityOfPage":{"@id":"https:\/\/www.valleedazergues.com\/en\/2026\/01\/21\/80-ans-des-autocars-de-la-vallee-dazergues\/"},"wordCount":84,"publisher":{"@id":"https:\/\/www.valleedazergues.com\/en\/#organization"},"image":{"@id":"https:\/\/www.valleedazergues.com\/en\/2026\/01\/21\/80-ans-des-autocars-de-la-vallee-dazergues\/#primaryimage"},"thumbnailUrl":"https:\/\/www.valleedazergues.com\/wp-content\/uploads\/2026\/01\/20260117_115256-scaled.jpg","articleSection":["Non classifi\u00e9(e)"],"inLanguage":"en-GB"},{"@type":"WebPage","@id":"https:\/\/www.valleedazergues.com\/en\/2026\/01\/21\/80-ans-des-autocars-de-la-vallee-dazergues\/","url":"https:\/\/www.valleedazergues.com\/en\/2026\/01\/21\/80-ans-des-autocars-de-la-vallee-dazergues\/","name":"80 ans des Autocars de la Vall\u00e9e d'Azergues - Autocars de la Vall\u00e9e d&#039;Azergues","isPartOf":{"@id":"https:\/\/www.valleedazergues.com\/en\/#website"},"primaryImageOfPage":{"@id":"https:\/\/www.valleedazergues.com\/en\/2026\/01\/21\/80-ans-des-autocars-de-la-vallee-dazergues\/#primaryimage"},"image":{"@id":"https:\/\/www.valleedazergues.com\/en\/2026\/01\/21\/80-ans-des-autocars-de-la-vallee-dazergues\/#primaryimage"},"thumbnailUrl":"https:\/\/www.valleedazergues.com\/wp-content\/uploads\/2026\/01\/20260117_115256-scaled.jpg","datePublished":"2026-01-21T08:27:23+00:00","dateModified":"2026-01-21T08:27:24+00:00","breadcrumb":{"@id":"https:\/\/www.valleedazergues.com\/en\/2026\/01\/21\/80-ans-des-autocars-de-la-vallee-dazergues\/#breadcrumb"},"inLanguage":"en-GB","potentialAction":[{"@type":"ReadAction","target":["https:\/\/www.valleedazergues.com\/en\/2026\/01\/21\/80-ans-des-autocars-de-la-vallee-dazergues\/"]}]},{"@type":"ImageObject","inLanguage":"en-GB","@id":"https:\/\/www.valleedazergues.com\/en\/2026\/01\/21\/80-ans-des-autocars-de-la-vallee-dazergues\/#primaryimage","url":"https:\/\/www.valleedazergues.com\/wp-content\/uploads\/2026\/01\/20260117_115256-scaled.jpg","contentUrl":"https:\/\/www.valleedazergues.com\/wp-content\/uploads\/2026\/01\/20260117_115256-scaled.jpg","width":1920,"height":2560},{"@type":"BreadcrumbList","@id":"https:\/\/www.valleedazergues.com\/en\/2026\/01\/21\/80-ans-des-autocars-de-la-vallee-dazergues\/#breadcrumb","itemListElement":[{"@type":"ListItem","position":1,"name":"Accueil","item":"https:\/\/www.valleedazergues.com\/en\/"},{"@type":"ListItem","position":2,"name":"80 ans des Autocars de la Vall\u00e9e d&rsquo;Azergues"}]},{"@type":"WebSite","@id":"https:\/\/www.valleedazergues.com\/en\/#website","url":"https:\/\/www.valleedazergues.com\/en\/","name":"Autocars de la Vall\u00e9e d'Azergues","description":"","publisher":{"@id":"https:\/\/www.valleedazergues.com\/en\/#organization"},"potentialAction":[{"@type":"SearchAction","target":{"@type":"EntryPoint","urlTemplate":"https:\/\/www.valleedazergues.com\/en\/?s={search_term_string}"},"query-input":{"@type":"PropertyValueSpecification","valueRequired":true,"valueName":"search_term_string"}}],"inLanguage":"en-GB"},{"@type":"Organization","@id":"https:\/\/www.valleedazergues.com\/en\/#organization","name":"Autocars Vall\u00e9e d'Azergues","url":"https:\/\/www.valleedazergues.com\/en\/","logo":{"@type":"ImageObject","inLanguage":"en-GB","@id":"https:\/\/www.valleedazergues.com\/en\/#\/schema\/logo\/image\/","url":"https:\/\/www.valleedazergues.com\/wp-content\/uploads\/2021\/08\/partage-site.jpg","contentUrl":"https:\/\/www.valleedazergues.com\/wp-content\/uploads\/2021\/08\/partage-site.jpg","width":560,"height":292,"caption":"Autocars Vall\u00e9e d'Azergues"},"image":{"@id":"https:\/\/www.valleedazergues.com\/en\/#\/schema\/logo\/image\/"},"sameAs":["https:\/\/www.facebook.com\/autocarsvalleedazergues\/"]},{"@type":"Person","@id":"https:\/\/www.valleedazergues.com\/en\/#\/schema\/person\/6e6147a66000c78a9303b8b969482a43","name":"autocarsVDA","image":{"@type":"ImageObject","inLanguage":"en-GB","@id":"https:\/\/secure.gravatar.com\/avatar\/9e9edbaba3282b46c5559f1287ea5f8381696ac8ad1029697fcb08993de23e31?s=96&d=mm&r=g","url":"https:\/\/secure.gravatar.com\/avatar\/9e9edbaba3282b46c5559f1287ea5f8381696ac8ad1029697fcb08993de23e31?s=96&d=mm&r=g","contentUrl":"https:\/\/secure.gravatar.com\/avatar\/9e9edbaba3282b46c5559f1287ea5f8381696ac8ad1029697fcb08993de23e31?s=96&d=mm&r=g","caption":"autocarsVDA"}}]}},"author_meta":{"display_name":"autocarsVDA","author_link":"https:\/\/www.valleedazergues.com\/en\/author\/autocarsvda\/"},"featured_img":"https:\/\/www.valleedazergues.com\/wp-content\/uploads\/2026\/01\/20260117_115256-225x300.jpg","coauthors":[],"tax_additional":{"categories":{"linked":["<a href=\"https:\/\/www.valleedazergues.com\/non-classifiee\/\" class=\"advgb-post-tax-term\">Non classifi\u00e9(e)<\/a>"],"unlinked":["<span class=\"advgb-post-tax-term\">Non classifi\u00e9(e)<\/span>"]}},"comment_count":"0","relative_dates":{"created":"Posted 3 months ago","modified":"Updated 3 months ago"},"absolute_dates":{"created":"Posted on 21 January 2026","modified":"Updated on 21 January 2026"},"absolute_dates_time":{"created":"Posted on 21 January 2026 09:27","modified":"Updated on 21 January 2026 09:27"},"featured_img_caption":"","series_order":"","_links":{"self":[{"href":"https:\/\/www.valleedazergues.com\/en\/wp-json\/wp\/v2\/posts\/86600","targetHints":{"allow":["GET"]}}],"collection":[{"href":"https:\/\/www.valleedazergues.com\/en\/wp-json\/wp\/v2\/posts"}],"about":[{"href":"https:\/\/www.valleedazergues.com\/en\/wp-json\/wp\/v2\/types\/post"}],"author":[{"embeddable":true,"href":"https:\/\/www.valleedazergues.com\/en\/wp-json\/wp\/v2\/users\/2"}],"replies":[{"embeddable":true,"href":"https:\/\/www.valleedazergues.com\/en\/wp-json\/wp\/v2\/comments?post=86600"}],"version-history":[{"count":1,"href":"https:\/\/www.valleedazergues.com\/en\/wp-json\/wp\/v2\/posts\/86600\/revisions"}],"predecessor-version":[{"id":86603,"href":"https:\/\/www.valleedazergues.com\/en\/wp-json\/wp\/v2\/posts\/86600\/revisions\/86603"}],"wp:featuredmedia":[{"embeddable":true,"href":"https:\/\/www.valleedazergues.com\/en\/wp-json\/wp\/v2\/media\/86601"}],"wp:attachment":[{"href":"https:\/\/www.valleedazergues.com\/en\/wp-json\/wp\/v2\/media?parent=86600"}],"wp:term":[{"taxonomy":"category","embeddable":true,"href":"https:\/\/www.valleedazergues.com\/en\/wp-json\/wp\/v2\/categories?post=86600"},{"taxonomy":"post_tag","embeddable":true,"href":"https:\/\/www.valleedazergues.com\/en\/wp-json\/wp\/v2\/tags?post=86600"}],"curies":[{"name":"wp","href":"https:\/\/api.w.org\/{rel}","templated":true}]}}